{"id":75364,"date":"2026-04-21T11:45:01","date_gmt":"2026-04-21T09:45:01","guid":{"rendered":"https:\/\/www.palcam.cat\/?p=75364"},"modified":"2026-04-21T11:45:01","modified_gmt":"2026-04-21T09:45:01","slug":"una-experiencia-que-ens-acosta-al-mon","status":"publish","type":"post","link":"https:\/\/www.palcam.cat\/es\/una-experiencia-que-ens-acosta-al-mon\/","title":{"rendered":"Una experi\u00e8ncia que ens acosta al m\u00f3n"},"content":{"rendered":"<p class=\"cvGsUA direction-ltr align-justify para-style-body\"><span class=\"a_GcMg font-feature-liga-off font-feature-clig-off font-feature-calt-off text-decoration-none text-strikethrough-none\">Recordeu que us vam explicar la col\u00b7laboraci\u00f3 amb la Fundaci\u00f3 Vicente Ferrer? Tenim sis infants de l\u2019\u00cdndia apadrinats i cada promoci\u00f3 de Prim\u00e0ria (les quatre classes alhora) fa de padrins o padrines d\u2019un d\u2019aquests nens.<\/span><\/p>\n<p><img loading=\"lazy\" decoding=\"async\" class=\"alignnone size-large wp-image-75368 ml-lightbox-enabled\" src=\"https:\/\/www.palcam.cat\/wp-content\/uploads\/2026\/04\/IMG_0848-1-1024x768.jpeg\" alt=\"\" width=\"1024\" height=\"768\" srcset=\"https:\/\/www.palcam.cat\/wp-content\/uploads\/2026\/04\/IMG_0848-1-1024x768.jpeg 1024w, https:\/\/www.palcam.cat\/wp-content\/uploads\/2026\/04\/IMG_0848-1-300x225.jpeg 300w, https:\/\/www.palcam.cat\/wp-content\/uploads\/2026\/04\/IMG_0848-1-768x576.jpeg 768w, https:\/\/www.palcam.cat\/wp-content\/uploads\/2026\/04\/IMG_0848-1-1536x1152.jpeg 1536w, https:\/\/www.palcam.cat\/wp-content\/uploads\/2026\/04\/IMG_0848-1-2048x1536.jpeg 2048w\" sizes=\"auto, (max-width: 1024px) 100vw, 1024px\" \/><\/p>\n<p class=\"cvGsUA direction-ltr align-justify para-style-body\"><span class=\"a_GcMg font-feature-liga-off font-feature-clig-off font-feature-calt-off text-decoration-none text-strikethrough-none\">Doncs el dimarts 10 de mar\u00e7 va venir a l\u2019escola la Shoma, una jove \u00edndia que actualment viu a Mallorca, que havia estat apadrinada durant la seva infantesa a trav\u00e9s del programa Vicente Ferrer. No va venir a explicar-nos les dificultats d\u2019aquella etapa sin\u00f3 a contagiar-nos del seu vigor i energia, tant a l\u2019\u00cdndia d\u2019aquell moment com actualment a la nostra societat.<\/span><\/p>\n<p><img loading=\"lazy\" decoding=\"async\" class=\"alignnone size-large wp-image-75365 ml-lightbox-enabled\" src=\"https:\/\/www.palcam.cat\/wp-content\/uploads\/2026\/04\/IMG_0840-1-1024x768.jpeg\" alt=\"\" width=\"1024\" height=\"768\" srcset=\"https:\/\/www.palcam.cat\/wp-content\/uploads\/2026\/04\/IMG_0840-1-1024x768.jpeg 1024w, https:\/\/www.palcam.cat\/wp-content\/uploads\/2026\/04\/IMG_0840-1-300x225.jpeg 300w, https:\/\/www.palcam.cat\/wp-content\/uploads\/2026\/04\/IMG_0840-1-768x576.jpeg 768w, https:\/\/www.palcam.cat\/wp-content\/uploads\/2026\/04\/IMG_0840-1-1536x1152.jpeg 1536w, https:\/\/www.palcam.cat\/wp-content\/uploads\/2026\/04\/IMG_0840-1-2048x1536.jpeg 2048w\" sizes=\"auto, (max-width: 1024px) 100vw, 1024px\" \/><\/p>\n<p class=\"cvGsUA direction-ltr align-justify para-style-body\"><span class=\"a_GcMg font-feature-liga-off font-feature-clig-off font-feature-calt-off text-decoration-none text-strikethrough-none\">Acompanyada de les t\u00e8cniques de la Fundaci\u00f3, van fer un taller preci\u00f3s per als alumnes de 1r EP on van reproduir l\u2019esquema de puzle amb qu\u00e8 l\u2019alumnat de primer s\u2019havia presentat als seus fillols, sota les peces del qual hi havia elements que portaven a descobrir aspectes de l\u2019\u00cdndia sorprenents per als alumnes de l\u2019escola.<\/span><\/p>\n<p><img loading=\"lazy\" decoding=\"async\" class=\"alignnone size-large wp-image-75366 ml-lightbox-enabled\" src=\"https:\/\/www.palcam.cat\/wp-content\/uploads\/2026\/04\/IMG_0845-1024x768.jpeg\" alt=\"\" width=\"1024\" height=\"768\" srcset=\"https:\/\/www.palcam.cat\/wp-content\/uploads\/2026\/04\/IMG_0845-1024x768.jpeg 1024w, https:\/\/www.palcam.cat\/wp-content\/uploads\/2026\/04\/IMG_0845-300x225.jpeg 300w, https:\/\/www.palcam.cat\/wp-content\/uploads\/2026\/04\/IMG_0845-768x576.jpeg 768w, https:\/\/www.palcam.cat\/wp-content\/uploads\/2026\/04\/IMG_0845-1536x1152.jpeg 1536w, https:\/\/www.palcam.cat\/wp-content\/uploads\/2026\/04\/IMG_0845-2048x1536.jpeg 2048w\" sizes=\"auto, (max-width: 1024px) 100vw, 1024px\" \/><\/p>\n<p class=\"cvGsUA direction-ltr align-justify para-style-body\"><span class=\"a_GcMg font-feature-liga-off font-feature-clig-off font-feature-calt-off text-decoration-none text-strikethrough-none\">Pregunteu sin\u00f3 als alumnes de primer qu\u00e8 \u00e9s un bindi, qu\u00e8 fan les vaques a l\u2019\u00cdndia&#8230; o qu\u00e8 passa amb els micos al pa\u00eds de la Shoma!<\/span><\/p>\n<p class=\"cvGsUA direction-ltr align-justify para-style-body\"><span class=\"a_GcMg font-feature-liga-off font-feature-clig-off font-feature-calt-off text-decoration-none text-strikethrough-none\">En definitiva, va ser una tarda molt entranyable acompanyats de bones persones i creiem que aix\u00f2 tamb\u00e9 forma part inherent de l\u2019educaci\u00f3 a la nostra escola per promoure ciutadans sensibles i cr\u00edtics amb les realitats del nostre m\u00f3n.<\/span><\/p>\n","protected":false},"excerpt":{"rendered":"<p>Recordeu que us vam explicar la col\u00b7laboraci\u00f3 amb la Fundaci\u00f3 Vicente Ferrer? Tenim sis infants de l\u2019\u00cdndia apadrinats i cada promoci\u00f3 de Prim\u00e0ria (les quatre classes alhora) fa de padrins o padrines d\u2019un d\u2019aquests nens. Doncs el dimarts 10 de mar\u00e7 va venir a l\u2019escola la Shoma, una jove \u00edndia que actualment viu a Mallorca, [&hellip;]<\/p>\n","protected":false},"author":7,"featured_media":75370,"comment_status":"open","ping_status":"open","sticky":false,"template":"","format":"standard","meta":{"footnotes":"","_links_to":"","_links_to_target":""},"categories":[233],"tags":[],"class_list":["post-75364","post","type-post","status-publish","format-standard","has-post-thumbnail","hentry","category-solidaritat-2"],"_links":{"self":[{"href":"https:\/\/www.palcam.cat\/es\/wp-json\/wp\/v2\/posts\/75364","targetHints":{"allow":["GET"]}}],"collection":[{"href":"https:\/\/www.palcam.cat\/es\/wp-json\/wp\/v2\/posts"}],"about":[{"href":"https:\/\/www.palcam.cat\/es\/wp-json\/wp\/v2\/types\/post"}],"author":[{"embeddable":true,"href":"https:\/\/www.palcam.cat\/es\/wp-json\/wp\/v2\/users\/7"}],"replies":[{"embeddable":true,"href":"https:\/\/www.palcam.cat\/es\/wp-json\/wp\/v2\/comments?post=75364"}],"version-history":[{"count":1,"href":"https:\/\/www.palcam.cat\/es\/wp-json\/wp\/v2\/posts\/75364\/revisions"}],"predecessor-version":[{"id":75371,"href":"https:\/\/www.palcam.cat\/es\/wp-json\/wp\/v2\/posts\/75364\/revisions\/75371"}],"wp:featuredmedia":[{"embeddable":true,"href":"https:\/\/www.palcam.cat\/es\/wp-json\/wp\/v2\/media\/75370"}],"wp:attachment":[{"href":"https:\/\/www.palcam.cat\/es\/wp-json\/wp\/v2\/media?parent=75364"}],"wp:term":[{"taxonomy":"category","embeddable":true,"href":"https:\/\/www.palcam.cat\/es\/wp-json\/wp\/v2\/categories?post=75364"},{"taxonomy":"post_tag","embeddable":true,"href":"https:\/\/www.palcam.cat\/es\/wp-json\/wp\/v2\/tags?post=75364"}],"curies":[{"name":"wp","href":"https:\/\/api.w.org\/{rel}","templated":true}]}}