{"id":75360,"date":"2026-04-21T09:55:21","date_gmt":"2026-04-21T07:55:21","guid":{"rendered":"https:\/\/www.palcam.cat\/?p=75360"},"modified":"2026-04-21T09:55:21","modified_gmt":"2026-04-21T07:55:21","slug":"cap-a-un-pati-residu-zero-els-nostres-eco-comunicadors-de-4t-entren-en-accio","status":"publish","type":"post","link":"https:\/\/www.palcam.cat\/en\/cap-a-un-pati-residu-zero-els-nostres-eco-comunicadors-de-4t-entren-en-accio\/","title":{"rendered":"Cap a un pati residu zero: Els nostres \u00abeco-comunicadors\u00bb de 4t entren en acci\u00f3!"},"content":{"rendered":"<p><span style=\"font-weight: 400;\">Benvolgudes fam\u00edlies,<\/span><\/p>\n<p><span style=\"font-weight: 400;\">Ens fa molta il\u00b7lusi\u00f3 compartir amb vosaltres una de les activitats m\u00e9s engrescadores que hem viscut darrerament a l\u2019escola. Com sabeu, formem part del programa <\/span><b>Escoles + Sostenibles<\/b><span style=\"font-weight: 400;\"> de l\u2019Ajuntament de Barcelona i, concretament, estem integrats en la <\/span><b>microxarxa d\u2019Embolcalls + Sostenibles<\/b><span style=\"font-weight: 400;\">. En aquest marc, l\u2019alumnat de <\/span><b>4t de Prim\u00e0ria<\/b><span style=\"font-weight: 400;\"> ha participat en un taller d&#8217;educaci\u00f3 ambiental d&#8217;all\u00f2 m\u00e9s especial.<\/span><\/p>\n<p><span style=\"font-weight: 400;\">L\u2019objectiu? Convertir-se en agents de canvi per aconseguir que els nostres esmorzars i berenars siguin cada vegada m\u00e9s respectuosos amb el planeta.<\/span><\/p>\n<h3><img loading=\"lazy\" decoding=\"async\" class=\"alignnone size-large wp-image-75361 ml-lightbox-enabled\" src=\"https:\/\/www.palcam.cat\/wp-content\/uploads\/2026\/04\/RAB_4650-1024x683.jpg\" alt=\"\" width=\"1024\" height=\"683\" srcset=\"https:\/\/www.palcam.cat\/wp-content\/uploads\/2026\/04\/RAB_4650-1024x683.jpg 1024w, https:\/\/www.palcam.cat\/wp-content\/uploads\/2026\/04\/RAB_4650-300x200.jpg 300w, https:\/\/www.palcam.cat\/wp-content\/uploads\/2026\/04\/RAB_4650-768x513.jpg 768w, https:\/\/www.palcam.cat\/wp-content\/uploads\/2026\/04\/RAB_4650-1536x1025.jpg 1536w, https:\/\/www.palcam.cat\/wp-content\/uploads\/2026\/04\/RAB_4650-2048x1367.jpg 2048w\" sizes=\"auto, (max-width: 1024px) 100vw, 1024px\" \/><\/h3>\n<h3><b>Molt m\u00e9s que reciclar: l\u2019art de comunicar<\/b><\/h3>\n<p><span style=\"font-weight: 400;\">Sovint pensem que la sostenibilitat nom\u00e9s consisteix a llan\u00e7ar cada residu al seu contenidor, per\u00f2 la clau de l\u2019\u00e8xit est\u00e0 en el pas anterior: <\/span><b>la reducci\u00f3<\/b><span style=\"font-weight: 400;\">. I per reduir, cal saber explicar-ho!<\/span><\/p>\n<p><span style=\"font-weight: 400;\">El taller no va ser una xerrada te\u00f2rica, sin\u00f3 una experi\u00e8ncia <\/span><b>enriquidora i molt din\u00e0mica<\/b><span style=\"font-weight: 400;\">. Els nens i nenes de 4t es van posar a la pell de professionals de la <\/span><b>comunicaci\u00f3 ambiental<\/b><span style=\"font-weight: 400;\">. Van aprendre que, per conv\u00e8ncer la resta de companys, mestres i fam\u00edlies de la import\u00e0ncia de dir adeu al paper d&#8217;alumini o als pl\u00e0stics d\u2019un sol \u00fas, cal fer-ho de manera creativa, positiva i engrescadora.<\/span><\/p>\n<h3><b>Mans a l&#8217;obra: creativitat al servei del medi ambient<\/b><\/h3>\n<p><span style=\"font-weight: 400;\">Durant la sessi\u00f3, l\u2019aula es va transformar en un laboratori d\u2019idees. Dividits en grups, els alumnes van:<\/span><\/p>\n<ul>\n<li style=\"font-weight: 400;\" aria-level=\"1\"><b>Dissenyar cartells impactants:<\/b><span style=\"font-weight: 400;\"> Utilitzant colors i missatges directes, han creat peces visuals que aviat veureu pels passadissos de l\u2019escola per recordar-nos que el millor residu \u00e9s el que no es genera.<\/span><\/li>\n<li style=\"font-weight: 400;\" aria-level=\"1\"><b>Planificar accions de millora:<\/b><span style=\"font-weight: 400;\"> Van debatre sobre quins s\u00f3n els obstacles que ens trobem a l\u2019hora de portar carmanyoles o embolcalls reutilitzables i van proposar solucions per fer que, a la nostra escola, portar un esmorzar residu zero sigui la opci\u00f3 m\u00e9s f\u00e0cil i divertida.<\/span><\/li>\n<\/ul>\n<p><span style=\"font-weight: 400;\">L\u2019energia que es respirava era encomanadissa! Va ser un plaer veure com els vostres fills i filles prenien la paraula amb arguments s\u00f2lids i molta imaginaci\u00f3 per transformar els h\u00e0bits del seu entorn.<\/span><\/p>\n<h3><b>Un repte compartit: el paper de les fam\u00edlies<\/b><\/h3>\n<p><span style=\"font-weight: 400;\">Sabem que aquest canvi cap a un esmorzar m\u00e9s sostenible neix a l\u2019escola, per\u00f2 <\/span><b>es fa realitat a casa<\/b><span style=\"font-weight: 400;\">. Per aix\u00f2, els nostres \u00abeco-comunicadors\u00bb de 4t tornen amb la motxilla plena d\u2019idees per compartir amb vosaltres.<\/span><\/p>\n<p><span style=\"font-weight: 400;\">Us convidem a escoltar les seves propostes i a sumar-vos a la iniciativa:<\/span><\/p>\n<ul>\n<li style=\"font-weight: 400;\" aria-level=\"1\"><span style=\"font-weight: 400;\">Substitu\u00efm el paper d&#8217;alumini i el film transparent per <\/span><b>carmanyoles, porta-entrepans de roba o carmanyoles<\/b><span style=\"font-weight: 400;\">.<\/span><\/li>\n<li style=\"font-weight: 400;\" aria-level=\"1\"><span style=\"font-weight: 400;\">Prioritzem la <\/span><b>fruita sencera o els aliments a granel<\/b><span style=\"font-weight: 400;\"> per evitar els envasos individuals.<\/span><\/li>\n<\/ul>\n<p><span style=\"font-weight: 400;\">Petits gestos com aquests, multiplicats per totes les fam\u00edlies de l&#8217;escola, tenen un impacte gegant en la salut del nostre entorn i de la ciutat de Barcelona.<\/span><\/p>\n<p><span style=\"font-weight: 400;\">Gr\u00e0cies per acompanyar-nos en aquesta aventura cap a la sostenibilitat. Estem molt orgullosos de l&#8217;alumnat que forma la comunitat P\u00e0lcam i de la seva empenta per fer de la nostra escola, un lloc millor!<\/span><\/p>\n<p><b>Comissi\u00f3 de Medi Ambient<\/b><\/p>\n","protected":false},"excerpt":{"rendered":"<p>Benvolgudes fam\u00edlies, Ens fa molta il\u00b7lusi\u00f3 compartir amb vosaltres una de les activitats m\u00e9s engrescadores que hem viscut darrerament a l\u2019escola. Com sabeu, formem part del programa Escoles + Sostenibles de l\u2019Ajuntament de Barcelona i, concretament, estem integrats en la microxarxa d\u2019Embolcalls + Sostenibles. En aquest marc, l\u2019alumnat de 4t de Prim\u00e0ria ha participat en [&hellip;]<\/p>\n","protected":false},"author":7,"featured_media":75362,"comment_status":"open","ping_status":"open","sticky":false,"template":"","format":"standard","meta":{"footnotes":"","_links_to":"","_links_to_target":""},"categories":[231],"tags":[],"class_list":["post-75360","post","type-post","status-publish","format-standard","has-post-thumbnail","hentry","category-medi-ambient"],"_links":{"self":[{"href":"https:\/\/www.palcam.cat\/en\/wp-json\/wp\/v2\/posts\/75360","targetHints":{"allow":["GET"]}}],"collection":[{"href":"https:\/\/www.palcam.cat\/en\/wp-json\/wp\/v2\/posts"}],"about":[{"href":"https:\/\/www.palcam.cat\/en\/wp-json\/wp\/v2\/types\/post"}],"author":[{"embeddable":true,"href":"https:\/\/www.palcam.cat\/en\/wp-json\/wp\/v2\/users\/7"}],"replies":[{"embeddable":true,"href":"https:\/\/www.palcam.cat\/en\/wp-json\/wp\/v2\/comments?post=75360"}],"version-history":[{"count":1,"href":"https:\/\/www.palcam.cat\/en\/wp-json\/wp\/v2\/posts\/75360\/revisions"}],"predecessor-version":[{"id":75363,"href":"https:\/\/www.palcam.cat\/en\/wp-json\/wp\/v2\/posts\/75360\/revisions\/75363"}],"wp:featuredmedia":[{"embeddable":true,"href":"https:\/\/www.palcam.cat\/en\/wp-json\/wp\/v2\/media\/75362"}],"wp:attachment":[{"href":"https:\/\/www.palcam.cat\/en\/wp-json\/wp\/v2\/media?parent=75360"}],"wp:term":[{"taxonomy":"category","embeddable":true,"href":"https:\/\/www.palcam.cat\/en\/wp-json\/wp\/v2\/categories?post=75360"},{"taxonomy":"post_tag","embeddable":true,"href":"https:\/\/www.palcam.cat\/en\/wp-json\/wp\/v2\/tags?post=75360"}],"curies":[{"name":"wp","href":"https:\/\/api.w.org\/{rel}","templated":true}]}}