{"id":75356,"date":"2026-04-21T09:46:06","date_gmt":"2026-04-21T07:46:06","guid":{"rendered":"https:\/\/www.palcam.cat\/?p=75356"},"modified":"2026-04-21T09:46:06","modified_gmt":"2026-04-21T07:46:06","slug":"quan-un-exalumne-torna-per-inspirar-noves-vocacions","status":"publish","type":"post","link":"https:\/\/www.palcam.cat\/en\/quan-un-exalumne-torna-per-inspirar-noves-vocacions\/","title":{"rendered":"Quan un exalumne torna per inspirar noves vocacions"},"content":{"rendered":"<p data-pm-slice=\"1 1 []\">Fa uns dies vam viure una jornada molt especial a <strong>P\u00e0lcam<\/strong> amb la visita d\u2019un exalumne, l\u2019<strong>\u00c0lex Reyner<\/strong>, que actualment est\u00e0 desenvolupant el seu doctorat en <strong>F\u00edsica Nuclear<\/strong> i treballa amb el grup <strong>PSFT Sevilla<\/strong> i la <strong>Universitat de Sevilla<\/strong>.<\/p>\n<p>Va ser un aut\u00e8ntic orgull rebre\u2019l de nou a les nostres aules per compartir amb els alumnes del <strong>Batxillerat Cient\u00edfic<\/strong> els seus coneixements sobre la <strong>fusi\u00f3 nuclear<\/strong>, considerada una de les grans energies verdes de futur, per avan\u00e7ar cap a un model energ\u00e8tic m\u00e9s sostenible i net.<\/p>\n<p>A trav\u00e9s d\u2019una xerrada propera i divulgativa, l\u2019\u00c0lex va aprofundir en aquest camp tan capdavanter de la investigaci\u00f3, explicant com estan treballant en la construcci\u00f3 d\u2019un <strong>tokamak experimental<\/strong>, una tecnologia clau en el desenvolupament de la fusi\u00f3 nuclear.<\/p>\n<p>M\u00e9s enll\u00e0 de la part cient\u00edfica, tamb\u00e9 va compartir la seva experi\u00e8ncia personal dins del m\u00f3n del doctorat i de la recerca, cosa que permet que el nostre alumnat descobr\u00eds de primera m\u00e0 qu\u00e8 implica seguir una carrera investigadora i com es construeix aquest cam\u00ed professional.<\/p>\n<p><img loading=\"lazy\" decoding=\"async\" class=\"alignnone size-large wp-image-75357 ml-lightbox-enabled\" src=\"https:\/\/www.palcam.cat\/wp-content\/uploads\/2026\/04\/20260409_101834-1-1024x577.jpg\" alt=\"\" width=\"1024\" height=\"577\" srcset=\"https:\/\/www.palcam.cat\/wp-content\/uploads\/2026\/04\/20260409_101834-1-1024x577.jpg 1024w, https:\/\/www.palcam.cat\/wp-content\/uploads\/2026\/04\/20260409_101834-1-300x169.jpg 300w, https:\/\/www.palcam.cat\/wp-content\/uploads\/2026\/04\/20260409_101834-1-768x432.jpg 768w, https:\/\/www.palcam.cat\/wp-content\/uploads\/2026\/04\/20260409_101834-1-1536x865.jpg 1536w, https:\/\/www.palcam.cat\/wp-content\/uploads\/2026\/04\/20260409_101834-1-2048x1153.jpg 2048w\" sizes=\"auto, (max-width: 1024px) 100vw, 1024px\" \/><\/p>\n<p>Aquest tipus de visites reforcen el nostre comprom\u00eds amb el desenvolupament de la ci\u00e8ncia i amb la import\u00e0ncia de fomentar vocacions cient\u00edfiques des de l\u2019escola. Veure com antics alumnes que van cr\u00e9ixer a les nostres aules lideren avui projectes amb un impacte real en el futur de la societat \u00e9s, sens dubte, una gran satisfacci\u00f3.<\/p>\n<p>A P\u00e0lcam continuem apostant per una formaci\u00f3 que inspiri els alumnes a assolir fites ambicioses i a entendre la ci\u00e8ncia com una eina fonamental per transformar el m\u00f3n.<\/p>\n<p>Gr\u00e0cies, \u00c0lex, per tornar a casa i convertir-te en un referent per a les noves generacions.<\/p>\n","protected":false},"excerpt":{"rendered":"<p>Fa uns dies vam viure una jornada molt especial a P\u00e0lcam amb la visita d\u2019un exalumne, l\u2019\u00c0lex Reyner, que actualment est\u00e0 desenvolupant el seu doctorat en F\u00edsica Nuclear i treballa amb el grup PSFT Sevilla i la Universitat de Sevilla. Va ser un aut\u00e8ntic orgull rebre\u2019l de nou a les nostres aules per compartir amb [&hellip;]<\/p>\n","protected":false},"author":7,"featured_media":75358,"comment_status":"open","ping_status":"open","sticky":false,"template":"","format":"standard","meta":{"footnotes":"","_links_to":"","_links_to_target":""},"categories":[230],"tags":[],"class_list":["post-75356","post","type-post","status-publish","format-standard","has-post-thumbnail","hentry","category-batxillerat"],"_links":{"self":[{"href":"https:\/\/www.palcam.cat\/en\/wp-json\/wp\/v2\/posts\/75356","targetHints":{"allow":["GET"]}}],"collection":[{"href":"https:\/\/www.palcam.cat\/en\/wp-json\/wp\/v2\/posts"}],"about":[{"href":"https:\/\/www.palcam.cat\/en\/wp-json\/wp\/v2\/types\/post"}],"author":[{"embeddable":true,"href":"https:\/\/www.palcam.cat\/en\/wp-json\/wp\/v2\/users\/7"}],"replies":[{"embeddable":true,"href":"https:\/\/www.palcam.cat\/en\/wp-json\/wp\/v2\/comments?post=75356"}],"version-history":[{"count":1,"href":"https:\/\/www.palcam.cat\/en\/wp-json\/wp\/v2\/posts\/75356\/revisions"}],"predecessor-version":[{"id":75359,"href":"https:\/\/www.palcam.cat\/en\/wp-json\/wp\/v2\/posts\/75356\/revisions\/75359"}],"wp:featuredmedia":[{"embeddable":true,"href":"https:\/\/www.palcam.cat\/en\/wp-json\/wp\/v2\/media\/75358"}],"wp:attachment":[{"href":"https:\/\/www.palcam.cat\/en\/wp-json\/wp\/v2\/media?parent=75356"}],"wp:term":[{"taxonomy":"category","embeddable":true,"href":"https:\/\/www.palcam.cat\/en\/wp-json\/wp\/v2\/categories?post=75356"},{"taxonomy":"post_tag","embeddable":true,"href":"https:\/\/www.palcam.cat\/en\/wp-json\/wp\/v2\/tags?post=75356"}],"curies":[{"name":"wp","href":"https:\/\/api.w.org\/{rel}","templated":true}]}}